{"id":2839,"date":"2019-07-16T08:40:36","date_gmt":"2019-07-16T06:40:36","guid":{"rendered":"https:\/\/www.koefia.com\/?p=2839"},"modified":"2024-12-19T13:29:42","modified_gmt":"2024-12-19T12:29:42","slug":"altaroma-2019-memorabilia-guardaroba-impossibile","status":"publish","type":"post","link":"https:\/\/www.koefia.com\/en\/2019\/07\/altaroma-2019-memorabilia-guardaroba-impossibile\/","title":{"rendered":"AltaRoma 2019, la Sfilata Koefia &#8220;Memorabilia &#8211; Guardaroba Impossibile&#8221;"},"content":{"rendered":"<p>Si \u00e8 conclusa domenica l\u2019ultima edizione di Altaroma, la kermesse romana che ha visto sfilare case di moda, accademie e istituti del fashion business romano e non solo.<\/p>\n<p><strong>La sfilata della nostra Accademia ha chiuso la Settimana della Moda di Roma<\/strong>, mostrando tessuti tradizionali orientali, forniti dall&#8217;Ambasciata indonesiana a Roma, reinterpretati in maniera personale e combinati con tessuti classici, tecnici e moderni. I tessuti realizzati con la tecnica del batik sono stati impreziositi da lavorazioni, tecniche miste e ricami propri della tradizione dell\u2019Haute Couture italiana di cui l\u2019Accademia \u00e8 custode, a termine di un progetto durato sei mesi: dall\u2019ideazione del progetto, alla ricerca dei tessuti, alla realizzazione materiale degli outfit.<\/p>\n<p>Con questi presupposti <strong>abbiamo creato &#8220;Memorabilia: Guardaroba Impossibile&#8221;, un viaggio attraverso due culture geograficamente lontane<\/strong>, ispirato da \u201c\u200bThe Impossible Wardrobe\u201d di Tilda Swinton che, nel 2012, propose una d\u00e9fil\u00e9-performance in camice e guanti bianchi, rianimando gli abiti dell\u2019archivio del \u200bMus\u00e9e Galliera,\u200b facendoli sfilare con gesti e posture che trasmettevano una composta devozione.<\/p>\n<p><strong>Alla sfilata hanno partecipato anche i rappresentanti dell\u2019azienda Lectra e l\u2019atelier Balenciaga, che hanno rinnovato la collaborazione con l\u2019Accademia mettendo in palio uno stage e una licenza software con l\u2019obiettivo di rafforzare l\u2019asse che inserisce gli studenti nel mondo del lavoro e del fashion business.<\/strong><\/p>\n<p>Antonio Lo Presti, responsabile della didattica Koefia, ha dichiarato in un\u2019intervista al TG3 che il concetto di Memorabilia della moda ha sposato con successo due culture diverse, attraverso una combinazione di tecniche e tessuti considerata &#8220;insolita e quasi impossibile&#8221; ma estremamente stimolante.<\/p>\n<p>L&#8217;ambasciatrice indonesiana in Italia Esti Andayani ha espresso nel suo discorso di apertura la speranza che la collaborazione possa ispirare i giovani stilisti a creare opere interculturali in modo da incoraggiare una maggiore comprensione tra le nazioni.<\/p>\n<p>&#8220;La moda \u00e8 pi\u00f9 che il processo di progettazione degli abiti, \u00e8 una forma di espressione per capire il mondo che ci circonda. La presentazione di questa collezione porta un mix di patrimonio culturale indonesiano ed europeo, attraverso il tempo e lo spazio&#8221;, ha aggiunto l\u2019ambasciatrice.<\/p>\n<p>La sfilata di moda si inserisce nelle celebrazioni per i 70 anni di relazioni diplomatiche tra Indonesia e Italia. Dopo la mostra, la collezione \u00e8 stata esposta presso l&#8217;ambasciata indonesiana e ha visto la partecipazione di numerosi ospiti diplomatici e del settore, tra cui rappresentanti delle case di moda Gucci e Fendi.<\/p>\n<p>L&#8217;attivista della moda e autore di &#8220;Contemporary Indonesian Fashion: Through the Looking Glass&#8221;, Alessandra B. Lopez y Royo, che ha partecipato all&#8217;evento, ha confermato che la sfilata di Koefia ha dimostrato l&#8217;enorme potenziale di collaborazione nel campo della moda tra Italia e Indonesia con queste parole: &#8220;Il &#8216;Made in Italy&#8217; e il &#8216;Made in Indonesia&#8217; sono entrambi radicati in tradizioni secolari di design e lavorazione che evitano la bruttezza del fast fashion e possono davvero contribuire all&#8217;abbigliamento sostenibile per il nostro mondo contemporaneo&#8221;.<\/p>\n<p style=\"text-align: right;\"><span style=\"color: #808080;\"><em>photo Pietro Piacenti<\/em><\/span><\/p>\n","protected":false},"excerpt":{"rendered":"<p>Si \u00e8 conclusa domenica l\u2019ultima edizione di Altaroma, la kermesse romana che ha visto sfilare case di moda, accademie e istituti del fashion business romano e non solo. La sfilata della nostra Accademia ha chiuso la Settimana della Moda di Roma, mostrando tessuti tradizionali orientali, forniti dall&#8217;Ambasciata indonesiana a Roma, reinterpretati in maniera personale e [&hellip;]<\/p>\n","protected":false},"author":3,"featured_media":2840,"comment_status":"closed","ping_status":"closed","sticky":false,"template":"","format":"standard","meta":{"footnotes":""},"categories":[23],"tags":[40,39,41,38],"class_list":["post-2839","post","type-post","status-publish","format-standard","has-post-thumbnail","hentry","category-in-passerella","tag-alta-sartoria","tag-anni-70","tag-design-accessori","tag-sfilata"],"aioseo_notices":[],"_links":{"self":[{"href":"https:\/\/www.koefia.com\/en\/wp-json\/wp\/v2\/posts\/2839","targetHints":{"allow":["GET"]}}],"collection":[{"href":"https:\/\/www.koefia.com\/en\/wp-json\/wp\/v2\/posts"}],"about":[{"href":"https:\/\/www.koefia.com\/en\/wp-json\/wp\/v2\/types\/post"}],"author":[{"embeddable":true,"href":"https:\/\/www.koefia.com\/en\/wp-json\/wp\/v2\/users\/3"}],"replies":[{"embeddable":true,"href":"https:\/\/www.koefia.com\/en\/wp-json\/wp\/v2\/comments?post=2839"}],"version-history":[{"count":0,"href":"https:\/\/www.koefia.com\/en\/wp-json\/wp\/v2\/posts\/2839\/revisions"}],"wp:featuredmedia":[{"embeddable":true,"href":"https:\/\/www.koefia.com\/en\/wp-json\/wp\/v2\/media\/2840"}],"wp:attachment":[{"href":"https:\/\/www.koefia.com\/en\/wp-json\/wp\/v2\/media?parent=2839"}],"wp:term":[{"taxonomy":"category","embeddable":true,"href":"https:\/\/www.koefia.com\/en\/wp-json\/wp\/v2\/categories?post=2839"},{"taxonomy":"post_tag","embeddable":true,"href":"https:\/\/www.koefia.com\/en\/wp-json\/wp\/v2\/tags?post=2839"}],"curies":[{"name":"wp","href":"https:\/\/api.w.org\/{rel}","templated":true}]}}