{"id":3991,"date":"2020-12-17T16:18:07","date_gmt":"2020-12-17T15:18:07","guid":{"rendered":"https:\/\/www.koefia.com\/?p=3991"},"modified":"2021-09-27T14:36:10","modified_gmt":"2021-09-27T12:36:10","slug":"fashion-social-intervista-a-valentina-battaglia-studentessa-koefia","status":"publish","type":"post","link":"https:\/\/www.koefia.com\/en\/2020\/12\/fashion-social-intervista-a-valentina-battaglia-studentessa-koefia\/","title":{"rendered":"Fashion &#038; Social: intervista a Valentina Battaglia, studentessa Koefia"},"content":{"rendered":"<p><strong>Valentina Battaglia<\/strong>, studentessa di Koefia, \u00e8 riuscita a incanalare il suo talento per il disegno e l\u2019illustrazione verso il <strong>mondo dei social<\/strong>, che le sta dando un grande riscontro a livello di visibilit\u00e0 e di possibilit\u00e0 lavorative. Di seguito proponiamo un\u2019intervista che ci ha rilasciato dove illustra il suo percorso formativo in Koefia e come questo abbia coadiuvato lo sviluppo del suo talento e delle sue abilit\u00e0 personali.<\/p>\n<h3><img fetchpriority=\"high\" decoding=\"async\" class=\"alignnone size-medium wp-image-4015\" src=\"https:\/\/www.koefia.com\/wp-content\/uploads\/2020\/12\/IMG_3290_x850-300x300.jpg\" alt=\"\" width=\"300\" height=\"300\" srcset=\"https:\/\/www.koefia.com\/wp-content\/uploads\/2020\/12\/IMG_3290_x850-300x300.jpg 300w, https:\/\/www.koefia.com\/wp-content\/uploads\/2020\/12\/IMG_3290_x850-150x150.jpg 150w, https:\/\/www.koefia.com\/wp-content\/uploads\/2020\/12\/IMG_3290_x850-768x768.jpg 768w, https:\/\/www.koefia.com\/wp-content\/uploads\/2020\/12\/IMG_3290_x850-80x80.jpg 80w, https:\/\/www.koefia.com\/wp-content\/uploads\/2020\/12\/IMG_3290_x850-560x560.jpg 560w, https:\/\/www.koefia.com\/wp-content\/uploads\/2020\/12\/IMG_3290_x850.jpg 850w\" sizes=\"(max-width: 300px) 100vw, 300px\" \/><img decoding=\"async\" class=\"alignnone size-medium wp-image-4013\" src=\"https:\/\/www.koefia.com\/wp-content\/uploads\/2020\/12\/IMG_2526_x850-300x300.jpg\" alt=\"\" width=\"300\" height=\"300\" srcset=\"https:\/\/www.koefia.com\/wp-content\/uploads\/2020\/12\/IMG_2526_x850-300x300.jpg 300w, https:\/\/www.koefia.com\/wp-content\/uploads\/2020\/12\/IMG_2526_x850-150x150.jpg 150w, https:\/\/www.koefia.com\/wp-content\/uploads\/2020\/12\/IMG_2526_x850-768x768.jpg 768w, https:\/\/www.koefia.com\/wp-content\/uploads\/2020\/12\/IMG_2526_x850-80x80.jpg 80w, https:\/\/www.koefia.com\/wp-content\/uploads\/2020\/12\/IMG_2526_x850-560x560.jpg 560w, https:\/\/www.koefia.com\/wp-content\/uploads\/2020\/12\/IMG_2526_x850.jpg 850w\" sizes=\"(max-width: 300px) 100vw, 300px\" \/><\/h3>\n<blockquote>\n<h3>L&#8217;intervista<\/h3>\n<\/blockquote>\n<h5><em>_Qual \u00e8 stato il tuo percorso prima di entrare in Koefia?<\/em><\/h5>\n<p>Mi ci \u00e8 voluto un po\u2019 per trovare la mia strada, ma ho sempre saputo che il disegno sarebbe stato una parte fondamentale del mio futuro. Dopo il liceo classico mi sono iscritta all\u2019universit\u00e0, alla facolt\u00e0 di Architettura. Tutt\u2019ora penso sia una materia meravigliosa, ma dopo qualche anno ho capito che la mia strada era altrove. Mi sono iscritta all\u2019Accademia d\u2019Alta Moda Koefia, a Roma. \u00c8 impossibile entrare in accademia e non sentirsi ispirati gi\u00e0 fin dalla porta di ingresso. Sono stati anni pieni di studio, di lavoro e di grandi soddisfazioni, in cui ho avuto modo di incontrare persone fantastiche sia al livello professionale che umano, dai professori agli assistenti, fino ai miei compagni di studi.<br \/>\nMa devo dire che il motivo principale per cui mi sono avvicinata alla moda \u00e8 la mia famiglia. Sono cresciuta tra sarti, costumisti e artisti. Avvicinarmi alla moda \u00e8 stato inevitabile.<\/p>\n<h5><em>_Come hai scelto Koefia?<\/em><\/h5>\n<p>Quando ho scelto di intraprendere questa strada non ho avuto dubbi su quale accademia scegliere. La Koefia ha tutte le caratteristiche che stavo cercando. Volevo imparare a trasformare le mie idee e i miei disegni in oggetti tangibili, a sentire nelle mie mani il pieno controllo sulla realizzazione dei capi.<br \/>\nLa Koefia ha finito per insegnarmi questo e molto altro.<\/p>\n<h5><em>_ Come hai trovato la didattica dell\u2019Accademia?<\/em><\/h5>\n<p>La prima volta che mi sono veramente resa conto di quanto l\u2019accademia mi stesse insegnando \u00e8 stato durante il mio primo tirocinio, tra il secondo e terzo anno. Mi ricordo di quanto mi sentissi spaventata prima di affrontare un nuovo progetto, eppure riuscivo immediatamente ad individuare mentalmente gli step da seguire. Quell\u2019estate, con mia grande sorpresa, sono riuscita a realizzare diverse tipologie di capi, nonostante non li avessi mai affrontati prima. Questo \u00e8 stato possibile proprio grazie agli insegnamenti dell\u2019accademia, e al fatto che in classe i professori non si limitano ad insegnare una semplice tecnica, ma un intero modo di ragionare che si riveler\u00e0 essere molto utile anche fuori dalla sartoria.<\/p>\n<h5><em><img decoding=\"async\" class=\"alignnone size-medium wp-image-4013\" src=\"https:\/\/www.koefia.com\/wp-content\/uploads\/2020\/12\/IMG_2526_x850-300x300.jpg\" alt=\"\" width=\"300\" height=\"300\" srcset=\"https:\/\/www.koefia.com\/wp-content\/uploads\/2020\/12\/IMG_2526_x850-300x300.jpg 300w, https:\/\/www.koefia.com\/wp-content\/uploads\/2020\/12\/IMG_2526_x850-150x150.jpg 150w, https:\/\/www.koefia.com\/wp-content\/uploads\/2020\/12\/IMG_2526_x850-768x768.jpg 768w, https:\/\/www.koefia.com\/wp-content\/uploads\/2020\/12\/IMG_2526_x850-80x80.jpg 80w, https:\/\/www.koefia.com\/wp-content\/uploads\/2020\/12\/IMG_2526_x850-560x560.jpg 560w, https:\/\/www.koefia.com\/wp-content\/uploads\/2020\/12\/IMG_2526_x850.jpg 850w\" sizes=\"(max-width: 300px) 100vw, 300px\" \/><img decoding=\"async\" class=\"alignnone size-medium wp-image-4009\" src=\"https:\/\/www.koefia.com\/wp-content\/uploads\/2020\/12\/IMG_2448_x850-300x300.jpg\" alt=\"\" width=\"300\" height=\"300\" srcset=\"https:\/\/www.koefia.com\/wp-content\/uploads\/2020\/12\/IMG_2448_x850-300x300.jpg 300w, https:\/\/www.koefia.com\/wp-content\/uploads\/2020\/12\/IMG_2448_x850-150x150.jpg 150w, https:\/\/www.koefia.com\/wp-content\/uploads\/2020\/12\/IMG_2448_x850-768x768.jpg 768w, https:\/\/www.koefia.com\/wp-content\/uploads\/2020\/12\/IMG_2448_x850-80x80.jpg 80w, https:\/\/www.koefia.com\/wp-content\/uploads\/2020\/12\/IMG_2448_x850-560x560.jpg 560w, https:\/\/www.koefia.com\/wp-content\/uploads\/2020\/12\/IMG_2448_x850.jpg 850w\" sizes=\"(max-width: 300px) 100vw, 300px\" \/><\/em><\/h5>\n<h5><em><br \/>\n_Ci parli del tuo percorso successivo agli studi?<\/em><\/h5>\n<p>Dopo l\u2019estate della sfilata di fine anno ho fatto uno stage nell\u2019ufficio stile di Simona Marziali, direttrice creativa e fondatrice del brand MRZ. Qui ho imparato moltissimo sulla progettazione dei capi, con un\u2019attenzione particolare per il mondo della maglieria.<br \/>\nFinito lo stage \u00e8 iniziato il lock-down in Italia. La Koefia insegna che quando c\u2019\u00e8 un intoppo in una cucitura, tanto vale scucire e ricominciare. Cos\u00ec mi sono rimboccata le maniche e ho cominciato a dedicare tutta me stessa a ci\u00f2 che amo fare di pi\u00f9 al mondo: illustrare la moda. Ho cominciato a disegnare ogni giorno, con costanza, dalla mattina presto fino a notte fonda.<\/p>\n<h5><em>_Com\u2019\u00e8 cominciata quest\u2019avventura attraverso i social?<\/em><\/h5>\n<p>Avevo gi\u00e0 aperto la mia pagina Instagram intorno ai primi anni di accademia, ma non mi ci sono mai dedicata con grande seriet\u00e0. Il disegno invece fa parte di me da sempre, non ho mai smesso. Ho unito le cose proprio in occasione del lock-down. Ho cominciato a postare i disegni che mi convincevano di pi\u00f9 sui vari social, senza uno scopo preciso in realt\u00e0. Con il tempo sono cominciate ad arrivare diverse soddisfazioni. Tra le pi\u00f9 grandi, un messaggio da parte dell\u2019head designer di Ports1961, Christian Boaro, il quale mi ha fatto i complimenti per il mio lavoro. \u00c8 stato un messaggio inaspettato e graditissimo, perch\u00e9 \u00e8 un designer che stimo davvero molto. Sono seguite varie richieste per delle interviste da parte di alcuni magazine, e delle proposte di collaborazioni da parte di alcune aziende nazionali ed internazionali.<\/p>\n<h5><em>_ Cosa consiglieresti a chi comincia questo percorso e come pu\u00f2 prepararsi al \u201cdopo\u201d?<\/em><\/h5>\n<p>Il mio consiglio per i koefiani \u00e8: se i professori vi chiedono di rifare una cucitura per la 300esima volta, rifatela. Non state imparando solo a fare una cucitura, state imparando un intero modo di fare e di pensare che vi sar\u00e0 molto utile in futuro<br \/>\nPi\u00f9 in generale, il consiglio che continuo a dare anche a me stessa \u00e8 quello di disegnare e studiare tantissimo. Penso che per diventare un bravo stilista e illustratore di moda si debba essere anche sarti e modellisti; che si debba studiare tanto il disegno geometrico quanto quello anatomico. Soprattutto, penso si debbano studiare e ci si debba informare tanto sulle nuove collezioni, quanto su quelle passate.<\/p>\n<h4><img loading=\"lazy\" decoding=\"async\" class=\"alignnone size-medium wp-image-4011\" src=\"https:\/\/www.koefia.com\/wp-content\/uploads\/2020\/12\/IMG_2506_x850-300x300.jpg\" alt=\"\" width=\"300\" height=\"300\" srcset=\"https:\/\/www.koefia.com\/wp-content\/uploads\/2020\/12\/IMG_2506_x850-300x300.jpg 300w, https:\/\/www.koefia.com\/wp-content\/uploads\/2020\/12\/IMG_2506_x850-150x150.jpg 150w, https:\/\/www.koefia.com\/wp-content\/uploads\/2020\/12\/IMG_2506_x850-768x768.jpg 768w, https:\/\/www.koefia.com\/wp-content\/uploads\/2020\/12\/IMG_2506_x850-80x80.jpg 80w, https:\/\/www.koefia.com\/wp-content\/uploads\/2020\/12\/IMG_2506_x850-560x560.jpg 560w, https:\/\/www.koefia.com\/wp-content\/uploads\/2020\/12\/IMG_2506_x850.jpg 850w\" sizes=\"(max-width: 300px) 100vw, 300px\" \/><img loading=\"lazy\" decoding=\"async\" class=\"alignnone size-medium wp-image-4007\" src=\"https:\/\/www.koefia.com\/wp-content\/uploads\/2020\/12\/IMG_2391_x850-300x300.jpg\" alt=\"\" width=\"300\" height=\"300\" srcset=\"https:\/\/www.koefia.com\/wp-content\/uploads\/2020\/12\/IMG_2391_x850-300x300.jpg 300w, https:\/\/www.koefia.com\/wp-content\/uploads\/2020\/12\/IMG_2391_x850-150x150.jpg 150w, https:\/\/www.koefia.com\/wp-content\/uploads\/2020\/12\/IMG_2391_x850-768x768.jpg 768w, https:\/\/www.koefia.com\/wp-content\/uploads\/2020\/12\/IMG_2391_x850-80x80.jpg 80w, https:\/\/www.koefia.com\/wp-content\/uploads\/2020\/12\/IMG_2391_x850-560x560.jpg 560w, https:\/\/www.koefia.com\/wp-content\/uploads\/2020\/12\/IMG_2391_x850.jpg 850w\" sizes=\"(max-width: 300px) 100vw, 300px\" \/><\/h4>\n<blockquote>\n<h4>Altre interviste, articoli e lavori di Valentina Battaglia<\/h4>\n<\/blockquote>\n<ul>\n<li><a href=\"https:\/\/instagram.com\/doseart.th?igshid=ggt4ymf3ywmn\">https:\/\/instagram.com\/doseart.th?igshid=ggt4ymf3ywmn<\/a><\/li>\n<li><a href=\"https:\/\/instagram.com\/otto_artist_management?igshid=fugoue9h0csx\">https:\/\/instagram.com\/otto_artist_management?igshid=fugoue9h0csx<\/a><\/li>\n<li><a href=\"https:\/\/www.dareclan.com\/post\/valentina-battaglia-when-fashion-illustration-becomes-painting\">https:\/\/www.dareclan.com\/post\/valentina-battaglia-when-fashion-illustration-becomes-painting<\/a><\/li>\n<li><a href=\"https:\/\/trendland.com\/valentina-battaglia-fashion-illustration\/\">https:\/\/trendland.com\/valentina-battaglia-fashion-illustration\/<\/a><\/li>\n<li><a href=\"https:\/\/www.google.it\/amp\/s\/benude.fr\/valentina-battaglia-du-vetement-a-lillustration-de-mode\/amp\/\">https:\/\/www.google.it\/amp\/s\/benude.fr\/valentina-battaglia-du-vetement-a-lillustration-de-mode\/amp\/<\/a><\/li>\n<li><a href=\"http:\/\/www.worldtipsmagazine.com\/2020\/08\/07\/valentina-battaglia\/\">http:\/\/www.worldtipsmagazine.com\/2020\/08\/07\/valentina-battaglia\/<\/a><\/li>\n<li><a href=\"https:\/\/instagram.com\/colinlocascio?igshid=6yv4umn8va5j\">https:\/\/instagram.com\/colinlocascio?igshid=6yv4umn8va5j<\/a><\/li>\n<\/ul>\n<blockquote>\n<h4>I suoi profili social<\/h4>\n<\/blockquote>\n<ul>\n<li><a href=\"https:\/\/www.linkedin.com\/in\/valentina-battaglia\/\">https:\/\/www.linkedin.com\/in\/valentina-battaglia\/<\/a><\/li>\n<li><a href=\"https:\/\/www.behance.net\/valentibattagl\">https:\/\/www.behance.net\/valentibattagl<\/a><\/li>\n<li><a href=\"http:\/\/www.instagram.com\/valentinq.art\">www.instagram.com\/valentinq.art<\/a><\/li>\n<\/ul>\n<p><img loading=\"lazy\" decoding=\"async\" class=\"alignnone size-medium wp-image-4005\" src=\"https:\/\/www.koefia.com\/wp-content\/uploads\/2020\/12\/IMG_2345_x850-300x300.jpg\" alt=\"\" width=\"300\" height=\"300\" srcset=\"https:\/\/www.koefia.com\/wp-content\/uploads\/2020\/12\/IMG_2345_x850-300x300.jpg 300w, https:\/\/www.koefia.com\/wp-content\/uploads\/2020\/12\/IMG_2345_x850-150x150.jpg 150w, https:\/\/www.koefia.com\/wp-content\/uploads\/2020\/12\/IMG_2345_x850-768x768.jpg 768w, https:\/\/www.koefia.com\/wp-content\/uploads\/2020\/12\/IMG_2345_x850-80x80.jpg 80w, https:\/\/www.koefia.com\/wp-content\/uploads\/2020\/12\/IMG_2345_x850-560x560.jpg 560w, https:\/\/www.koefia.com\/wp-content\/uploads\/2020\/12\/IMG_2345_x850.jpg 850w\" sizes=\"(max-width: 300px) 100vw, 300px\" \/><img loading=\"lazy\" decoding=\"async\" class=\"alignnone size-medium wp-image-4003\" src=\"https:\/\/www.koefia.com\/wp-content\/uploads\/2020\/12\/IMG_2199_x850-300x300.jpg\" alt=\"\" width=\"300\" height=\"300\" srcset=\"https:\/\/www.koefia.com\/wp-content\/uploads\/2020\/12\/IMG_2199_x850-300x300.jpg 300w, https:\/\/www.koefia.com\/wp-content\/uploads\/2020\/12\/IMG_2199_x850-150x150.jpg 150w, https:\/\/www.koefia.com\/wp-content\/uploads\/2020\/12\/IMG_2199_x850-768x768.jpg 768w, https:\/\/www.koefia.com\/wp-content\/uploads\/2020\/12\/IMG_2199_x850-80x80.jpg 80w, https:\/\/www.koefia.com\/wp-content\/uploads\/2020\/12\/IMG_2199_x850-560x560.jpg 560w, https:\/\/www.koefia.com\/wp-content\/uploads\/2020\/12\/IMG_2199_x850.jpg 850w\" sizes=\"(max-width: 300px) 100vw, 300px\" \/><img loading=\"lazy\" decoding=\"async\" class=\"alignnone size-medium wp-image-4001\" src=\"https:\/\/www.koefia.com\/wp-content\/uploads\/2020\/12\/IMG_2108_x850-300x300.jpg\" alt=\"\" width=\"300\" height=\"300\" srcset=\"https:\/\/www.koefia.com\/wp-content\/uploads\/2020\/12\/IMG_2108_x850-300x300.jpg 300w, https:\/\/www.koefia.com\/wp-content\/uploads\/2020\/12\/IMG_2108_x850-150x150.jpg 150w, https:\/\/www.koefia.com\/wp-content\/uploads\/2020\/12\/IMG_2108_x850-768x768.jpg 768w, https:\/\/www.koefia.com\/wp-content\/uploads\/2020\/12\/IMG_2108_x850-80x80.jpg 80w, https:\/\/www.koefia.com\/wp-content\/uploads\/2020\/12\/IMG_2108_x850-560x560.jpg 560w, https:\/\/www.koefia.com\/wp-content\/uploads\/2020\/12\/IMG_2108_x850.jpg 850w\" sizes=\"(max-width: 300px) 100vw, 300px\" \/><img loading=\"lazy\" decoding=\"async\" class=\"alignnone size-medium wp-image-3999\" src=\"https:\/\/www.koefia.com\/wp-content\/uploads\/2020\/12\/IMG_3372_x850-300x300.jpg\" alt=\"\" width=\"300\" height=\"300\" srcset=\"https:\/\/www.koefia.com\/wp-content\/uploads\/2020\/12\/IMG_3372_x850-300x300.jpg 300w, https:\/\/www.koefia.com\/wp-content\/uploads\/2020\/12\/IMG_3372_x850-150x150.jpg 150w, https:\/\/www.koefia.com\/wp-content\/uploads\/2020\/12\/IMG_3372_x850-768x768.jpg 768w, https:\/\/www.koefia.com\/wp-content\/uploads\/2020\/12\/IMG_3372_x850-80x80.jpg 80w, https:\/\/www.koefia.com\/wp-content\/uploads\/2020\/12\/IMG_3372_x850-560x560.jpg 560w, https:\/\/www.koefia.com\/wp-content\/uploads\/2020\/12\/IMG_3372_x850.jpg 850w\" sizes=\"(max-width: 300px) 100vw, 300px\" \/><\/p>\n","protected":false},"excerpt":{"rendered":"<p>Valentina Battaglia, studentessa di Koefia, \u00e8 riuscita a incanalare il suo talento per il disegno e l\u2019illustrazione verso il mondo dei social, che le sta dando un grande riscontro a livello di visibilit\u00e0 e di possibilit\u00e0 lavorative. Di seguito proponiamo un\u2019intervista che ci ha rilasciato dove illustra il suo percorso formativo in Koefia e come [&hellip;]<\/p>\n","protected":false},"author":3,"featured_media":4026,"comment_status":"open","ping_status":"open","sticky":false,"template":"","format":"standard","meta":{"footnotes":""},"categories":[110,109,24],"tags":[],"class_list":["post-3991","post","type-post","status-publish","format-standard","has-post-thumbnail","hentry","category-carriera","category-ex-alunni","category-in-accademia"],"aioseo_notices":[],"_links":{"self":[{"href":"https:\/\/www.koefia.com\/en\/wp-json\/wp\/v2\/posts\/3991","targetHints":{"allow":["GET"]}}],"collection":[{"href":"https:\/\/www.koefia.com\/en\/wp-json\/wp\/v2\/posts"}],"about":[{"href":"https:\/\/www.koefia.com\/en\/wp-json\/wp\/v2\/types\/post"}],"author":[{"embeddable":true,"href":"https:\/\/www.koefia.com\/en\/wp-json\/wp\/v2\/users\/3"}],"replies":[{"embeddable":true,"href":"https:\/\/www.koefia.com\/en\/wp-json\/wp\/v2\/comments?post=3991"}],"version-history":[{"count":0,"href":"https:\/\/www.koefia.com\/en\/wp-json\/wp\/v2\/posts\/3991\/revisions"}],"wp:featuredmedia":[{"embeddable":true,"href":"https:\/\/www.koefia.com\/en\/wp-json\/wp\/v2\/media\/4026"}],"wp:attachment":[{"href":"https:\/\/www.koefia.com\/en\/wp-json\/wp\/v2\/media?parent=3991"}],"wp:term":[{"taxonomy":"category","embeddable":true,"href":"https:\/\/www.koefia.com\/en\/wp-json\/wp\/v2\/categories?post=3991"},{"taxonomy":"post_tag","embeddable":true,"href":"https:\/\/www.koefia.com\/en\/wp-json\/wp\/v2\/tags?post=3991"}],"curies":[{"name":"wp","href":"https:\/\/api.w.org\/{rel}","templated":true}]}}